{"id":6705,"date":"2022-12-31T19:02:30","date_gmt":"2022-12-31T19:02:30","guid":{"rendered":"https:\/\/virluberlu.com\/?p=6705"},"modified":"2023-01-16T17:09:57","modified_gmt":"2023-01-16T17:09:57","slug":"1ere-etape-en-equateur-quito","status":"publish","type":"post","link":"https:\/\/www.virluberlu.com\/?p=6705","title":{"rendered":"1\u00e8re \u00e9tape en \u00c9quateur : Quito"},"content":{"rendered":"<h3><span style=\"text-decoration: underline;\">L&rsquo;arriv\u00e9e en \u00c9quateur<\/span><\/h3>\n<p style=\"text-align: justify;\">Partis de chez nous le vendredi \u00e0 14h30, nous arrivons \u00e0 l&rsquo;a\u00e9roport de Quito samedi \u00e0 14h20, heure locale (soit 20h20 heure fran\u00e7aise), apr\u00e8s avoir pass\u00e9 une nuit \u00e0 Amsterdam.<\/p>\n<p style=\"text-align: justify;\">(En effet, notre vol KLM B\u00e2le-Amsterdam du samedi matin ayant \u00e9t\u00e9 annul\u00e9, nous avons du partir la veille et passer une nuit sur place&#8230; Un petit d\u00e9sagr\u00e9ment, mais on ne se plaint pas : nous avons \u00e9t\u00e9 pr\u00e9venus \u00e0 l&rsquo;avance et avons eu le temps de nous retourner !)<\/p>\nngg_shortcode_0_placeholder\n<p style=\"text-align: justify;\">L&rsquo;a\u00e9roport de Quito est petit et propre. Apr\u00e8s avoir retir\u00e9 une grosse somme au distributeur (la monnaie est le dollar US), nous optons pour la facilit\u00e9, et nous dirigeons au comptoir de taxis de l&rsquo;a\u00e9roport, afin d&rsquo;en r\u00e9server un. Ainsi, le prix est fixe et on ne risque pas de se faire arnaquer.<\/p>\n<p style=\"text-align: justify;\">Quito est une ville tr\u00e8s \u00e9tendue et b\u00e2tie dans les montagnes. Les diff\u00e9rents quartiers sont diss\u00e9min\u00e9s dans la vall\u00e9e et reli\u00e9s par de grands axes routiers. C&rsquo;est \u00e0 se demander pourquoi cette ville a \u00e9t\u00e9 construite ici, dans ce paysage escarp\u00e9 entour\u00e9 de volcans : pas pratique du tout !<\/p>\nngg_shortcode_1_placeholder\n<p style=\"text-align: justify;\">Nous atteignons l&rsquo;h\u00f4tel en 40 minutes.&nbsp;<\/p>\n<div id=\"InfosPratiques\">\n<p><em><span style=\"text-decoration: underline;\">Infos pratiques :&nbsp;<\/span><\/em><\/p>\n<ul style=\"text-align: justify;\">\n<li><em>Dur\u00e9e du vol Amsterdam &#8211; Quito : 12h (10h30 pour le retour)<\/em><\/li>\n<li><em>Co\u00fbt du vol : 2000\u20ac \/ pers A\/R<\/em><\/li>\n<li><i>Taxi a\u00e9roport \/ h\u00f4tel : 26$.&nbsp;Possibilit\u00e9 d&rsquo;acc\u00e9der \u00e0 Quito avec le bus ordinaire ou un&nbsp;bus confort, mais il&nbsp;faudra prendre le taxi ensuite pour&nbsp;arriver au centre historique.<\/i><\/li>\n<li><em>Chambre \u00e0 \u00ab\u00a0La Posada Colonial\u00a0\u00bb : 26$ \/ nuit<\/em><\/li>\n<li><em>D\u00e9calage horaire : 6h en moins par rapport \u00e0 la France en hiver, 7h en moins en \u00e9t\u00e9<\/em><\/li>\n<\/ul>\n<\/div>\n<p style=\"text-align: justify;\">Nous sommes tellement fatigu\u00e9s du trajet, que nous ne sortons pas de la chambre et nous endormons t\u00f4t.&nbsp;<\/p>\n<p>&nbsp;<\/p>\n<hr>\n<h3>&nbsp;<\/h3>\n<h3><span style=\"text-decoration: underline;\">Quito<\/span><\/h3>\n<p style=\"text-align: justify;\">6h et nous sommes d\u00e9j\u00e0 lev\u00e9s, apr\u00e8s plusieurs r\u00e9veils dans la nuit. Luc prend une douche et a la chance d&rsquo;avoir de l&rsquo;eau chaude, ce qui n&rsquo;est pas mon cas. Les voyages m&rsquo;avaient manqu\u00e9, les douches froides non ! D&rsquo;autant plus que la temp\u00e9rature ext\u00e9rieure n&rsquo;est pas tr\u00e8s \u00e9lev\u00e9e : Quito est en effet perch\u00e9e \u00e0 2850m d&rsquo;altitude. C&rsquo;est la 2\u00e8me capitale la plus haute du monde (une id\u00e9e de la 1\u00e8re&#8230;? C&rsquo;est La Paz, en Bolivie, \u00e0 3600m).<\/p>\n<p style=\"text-align: justify;\">Nous sortons donc bien emmitoufl\u00e9s, afin de prendre notre petit d\u00e9jeuner sur la Plaza Grande, pas tr\u00e8s loin.&nbsp;<\/p>\n<div id=\"InfosPratiques\">\n<p><em><span style=\"text-decoration: underline;\">Infos pratiques :&nbsp;<\/span><\/em><\/p>\n<ul style=\"text-align: justify;\">\n<li><i>Petit&nbsp;d\u00e9jeuner \u00e0 Dulceria Colonial : 13,5$ pour 2 jus de fruits, 1 chocolat chaud, 1 carrot cake, 1 salade de&nbsp;fruits. Copieux.&nbsp;<\/i><\/li>\n<\/ul>\n<\/div>\n<p style=\"text-align: justify;\">Ensuite, nous faisons un petit tour dans le Quito colonial (c&rsquo;est \u00e0 dire le centre historique), au hasard des rues, sous un temps couvert. Nous ressentons le mal de l&rsquo;altitude dans une faible mesure : en marchant nous sommes un peu essouffl\u00e9s.&nbsp;Il y a peu de monde \u00e0 cette heure-ci, mais beaucoup de policiers. Un jeune en voiture s&rsquo;arr\u00eate carr\u00e9ment \u00e0 notre hauteur pour nous dire de faire attention aux vols et me conseille de ranger l&rsquo;appareil photo.<\/p>\nngg_shortcode_2_placeholder\n<p style=\"text-align: justify;\">\u00c0 10h, nous retournons \u00e0 l&rsquo;h\u00f4tel. En effet, avant notre d\u00e9part, nous avions pris contact avec l&rsquo;\u00e9quipe de Tout Equateur, r\u00e9seau solidaire fran\u00e7ais, qui aide les voyageurs individuels \u00e0 organiser leur voyage. Nous leur avons soumis notre itin\u00e9raire sur leur forum, et nous avons pu v\u00e9rifier avec eux s&rsquo;il \u00e9tait r\u00e9alisable, avoir des id\u00e9es des temps de trajet, connaitre certains horaires, etc. Nous avons achet\u00e9 leur carte premium, qui permet d&rsquo;avoir une assistance, des r\u00e9ductions sur une liste d&rsquo;h\u00e9bergements et d&rsquo;activit\u00e9s, ainsi que sur la location de voiture. Avec la carte, on peut aussi profiter sur place d&rsquo;un briefing en fran\u00e7ais avec d&rsquo;autres touristes, lors duquel il est possible de v\u00e9rifier ou d&rsquo;\u00e9tablir un itin\u00e9raire, d&rsquo;avoir des informations sur la s\u00e9curit\u00e9 ou la fa\u00e7on de conduire par exemple, et des \u00ab\u00a0petits secrets\u00a0\u00bb.<\/p>\n<p style=\"text-align: justify;\">Nous y assistons donc, avec Isabelle, et nous sommes les seuls touristes. \u00c9tant donn\u00e9 qu&rsquo;on avait d\u00e9j\u00e0 bien potass\u00e9 notre trip pendant des semaines, on aurait pu s&rsquo;en passer.&nbsp;<\/p>\n<div id=\"InfosPratiques\">\n<p><em><span style=\"text-decoration: underline;\">Infos pratiques :&nbsp;<\/span><\/em><\/p>\n<ul style=\"text-align: justify;\">\n<li><em>Carte Tout Equateur : 60$ (<a href=\"https:\/\/www.toutequateur.com\">https:\/\/www.toutequateur.com<\/a>)<\/em><\/li>\n<li><em>Location voiture : 630$ pour 6 jours<\/em><\/li>\n<\/ul>\n<\/div>\n<p style=\"text-align: justify;\">Une heure plus tard, nous poursuivons notre balade dans le Quito Colonial. La m\u00e9t\u00e9o ne s&rsquo;est pas am\u00e9lior\u00e9e, dommage. Nos pas nous m\u00e8nent au march\u00e9, qui ne ressemble aucunement aux march\u00e9s d&rsquo;Asie : il est couvert, propre, carrel\u00e9, bien ordonn\u00e9, avec seulement quelques \u00e9tals de fruits et l\u00e9gumes, viandes, poissons, et de nombreux stands pour manger.&nbsp;<\/p>\n<div id=\"InfosPratiques\">\n<p><em><span style=\"text-decoration: underline;\">Infos pratiques :&nbsp;<\/span><\/em><\/p>\n<ul style=\"text-align: justify;\">\n<li><em>Repas au march\u00e9, stand Las Corvinas de Don Jimmy : 13$ pour 2 corvinas (= poisson frit + pommes de terre + ceviche + 2 cocas). 1,5$ pour un jus de m\u00fbres. Tr\u00e8s bon et copieux.<\/em><\/li>\n<\/ul>\n<\/div>\nngg_shortcode_3_placeholder\n<p style=\"text-align: justify;\">Le ventre plein, nous repartons pour une balade digestive dans le Quito historique, en suivant les indications du Lonely Planet (oui, j&rsquo;ai fait des infid\u00e9lit\u00e9s \u00e0 mon pr\u00e9cieux guide du Routard !) : Plaza Grande, \u00e9glises, monast\u00e8res, place San Francisco, rues, la Ronda, Plaza Santo Domingo. Il y a \u00e9norm\u00e9ment de monuments religieux et de mus\u00e9es \u00e0 visiter, mais nous n&rsquo;en avons pas envie. Nous ne ressentons pas d&rsquo;ambiance particuli\u00e8re, les touristes sont nombreux par ici et nous d\u00e9ambulons sans but pr\u00e9cis. En s&rsquo;\u00e9cartant un peu du \u00ab\u00a0circuit\u00a0\u00bb, nous nous retrouvons dans des rues calmes aux maisons color\u00e9es.<\/p>\nngg_shortcode_4_placeholder\n<p style=\"text-align: justify;\">Ce ciel tr\u00e8s nuageux ne nous encourage pas \u00e0 acc\u00e9der aux points de vue en hauteur (Basilique Del Voto Nacional, Teleferiqo) : la vue ne sera pas d\u00e9gag\u00e9e.<\/p>\n<p style=\"text-align: justify;\">Au bout d&rsquo;1h30 de promenade dans le quartier, nous rentrons \u00e0 l&rsquo;h\u00f4tel pour une sieste, et pr\u00e9parons nos affaires pour notre d\u00e9part en Amazonie le lendemain. En effet, l\u00e0-bas, l&rsquo;humidit\u00e9 est telle que toutes nos affaires seront moites : il vaut donc mieux ne prendre que le strict n\u00e9cessaire, et laisser le reste ici.&nbsp;<\/p>\n<p style=\"text-align: justify;\">Nous ne ressortons pas apr\u00e8s : nous n&rsquo;avons pas particuli\u00e8rement faim, et on nous a tellement rab\u00e2ch\u00e9 de faire attention la nuit qu&rsquo;on pr\u00e9f\u00e8re \u00e9viter&#8230;<\/p>\n<div id=\"InfosPratiques\">\n<p><em><span style=\"text-decoration: underline;\">Infos pratiques :&nbsp;<\/span><\/em><\/p>\n<ul style=\"text-align: justify;\">\n<li><em>Chambre \u00e0 \u00ab\u00a0La Posada Colonial\u00a0\u00bb : 26$ \/ nuit. H\u00f4tel calme car personne \u00e0 part nous, mais rue ultra bruyante. Mauvaise isolation phonique et thermique.<\/em><\/li>\n<\/ul>\n<\/div>\n<p>&nbsp;<\/p>\n<hr>\n<p>&nbsp;<\/p>\n<p style=\"text-align: justify;\">Passer une seule journ\u00e9e \u00e0 Quito \u00e9tait un parti pris, que nous ne regrettons pas : nous ne sommes d\u00e9cid\u00e9ment pas tr\u00e8s grandes villes. De plus, tous ces avertissements sur la s\u00e9curit\u00e9 de part et d&rsquo;autres (dans les guides touristiques, Isabelle de Tout Equateur, le jeune en voiture, et m\u00eame des policiers dans la rue nous ont dit d&rsquo;\u00eatre prudent) sont pesants, m\u00eame si \u00e0 aucun moment nous ne nous sommes sentis en danger. Et surtout, Quito ne p\u00e8se pas lourd face aux promesses de la for\u00eat amazonienne. Nous n&rsquo;avons qu&rsquo;une h\u00e2te : y \u00eatre !&nbsp;<\/p>\n<p style=\"text-align: justify;\">Sachez toutefois que le centre historique de Quito est l&rsquo;un des 12 premiers sites dans le monde \u00e0 avoir \u00e9t\u00e9 inscrits au Patrimoine mondiale de l&rsquo;Unesco. Si vous aimez visiter les \u00e9glises et les mus\u00e9es, c&rsquo;est un passage oblig\u00e9. Il est \u00e9galement possible de prendre de la hauteur gr\u00e2ce au T\u00e9l\u00e9f\u00e9riqo : la vue sur la capitale et les volcans qui l&rsquo;entourent vaut la peine visiblement. \u00c0 une vingtaine de kilom\u00e8tres se trouve La Mitad del Mundo : la ligne de partage du monde. Ici (en payant 5$), vous pourrez avoir un pied dans l&rsquo;h\u00e9misph\u00e8re sud, et l&rsquo;autre dans l&rsquo;h\u00e9misph\u00e8re nord : sympa non ?!<\/p>\n<p>&nbsp;<\/p>\n<p style=\"text-align: right;\"><a href=\"https:\/\/wp.me\/p9y17K-1Kz\" target=\"_blank\" rel=\"noopener\">AMAZONIE &gt;&gt;<\/a><\/p>\n","protected":false},"excerpt":{"rendered":"<p>L&rsquo;arriv\u00e9e en \u00c9quateur Partis de chez nous le vendredi \u00e0 14h30, nous arrivons \u00e0 l&rsquo;a\u00e9roport de Quito samedi \u00e0 14h20, heure locale (soit 20h20 heure fran\u00e7aise), apr\u00e8s avoir pass\u00e9 une nuit \u00e0 Amsterdam. (En effet, notre vol KLM B\u00e2le-Amsterdam du [&hellip;]<\/p>\n","protected":false},"author":2,"featured_media":6773,"comment_status":"open","ping_status":"open","sticky":false,"template":"","format":"standard","meta":{"ngg_post_thumbnail":0,"footnotes":""},"categories":[156,88,79,157],"tags":[],"class_list":["post-6705","post","type-post","status-publish","format-standard","has-post-thumbnail","hentry","category-amerique-du-sud","category-articles","category-destination","category-equateur"],"_links":{"self":[{"href":"https:\/\/www.virluberlu.com\/index.php?rest_route=\/wp\/v2\/posts\/6705","targetHints":{"allow":["GET"]}}],"collection":[{"href":"https:\/\/www.virluberlu.com\/index.php?rest_route=\/wp\/v2\/posts"}],"about":[{"href":"https:\/\/www.virluberlu.com\/index.php?rest_route=\/wp\/v2\/types\/post"}],"author":[{"embeddable":true,"href":"https:\/\/www.virluberlu.com\/index.php?rest_route=\/wp\/v2\/users\/2"}],"replies":[{"embeddable":true,"href":"https:\/\/www.virluberlu.com\/index.php?rest_route=%2Fwp%2Fv2%2Fcomments&post=6705"}],"version-history":[{"count":39,"href":"https:\/\/www.virluberlu.com\/index.php?rest_route=\/wp\/v2\/posts\/6705\/revisions"}],"predecessor-version":[{"id":6961,"href":"https:\/\/www.virluberlu.com\/index.php?rest_route=\/wp\/v2\/posts\/6705\/revisions\/6961"}],"wp:featuredmedia":[{"embeddable":true,"href":"https:\/\/www.virluberlu.com\/index.php?rest_route=\/wp\/v2\/media\/6773"}],"wp:attachment":[{"href":"https:\/\/www.virluberlu.com\/index.php?rest_route=%2Fwp%2Fv2%2Fmedia&parent=6705"}],"wp:term":[{"taxonomy":"category","embeddable":true,"href":"https:\/\/www.virluberlu.com\/index.php?rest_route=%2Fwp%2Fv2%2Fcategories&post=6705"},{"taxonomy":"post_tag","embeddable":true,"href":"https:\/\/www.virluberlu.com\/index.php?rest_route=%2Fwp%2Fv2%2Ftags&post=6705"}],"curies":[{"name":"wp","href":"https:\/\/api.w.org\/{rel}","templated":true}]}}