{"id":6614,"date":"2022-12-22T11:16:57","date_gmt":"2022-12-22T11:16:57","guid":{"rendered":"https:\/\/virluberlu.com\/?p=6614"},"modified":"2023-01-07T17:22:47","modified_gmt":"2023-01-07T17:22:47","slug":"equateur-avant-de-partir","status":"publish","type":"post","link":"https:\/\/www.virluberlu.com\/?p=6614","title":{"rendered":"\u00c9quateur : avant de partir"},"content":{"rendered":"<p style=\"text-align: justify;\">Deux ans et demi sans grand voyage \u00e0 l&rsquo;autre bout du monde \u00e0 cause du covid : on n&rsquo;en pouvait plus (m\u00eame si nous faisons partie des chanceux qui ont bien v\u00e9cu leur confinement) ! &nbsp;D\u00e8s que nous en avons eu la possibilit\u00e9, en ao\u00fbt 2022, nous nous sommes donc envol\u00e9s pour passer un mois en \u00c9quateur et aux Galapagos.<\/p>\n<p style=\"text-align: justify;\"><img loading=\"lazy\" decoding=\"async\" class=\"aligncenter wp-image-6662 size-large\" src=\"https:\/\/virluberlu.com\/wp-content\/uploads\/2022\/12\/Aeroport-Equateur-2022-768x1024.jpg\" alt=\"\" width=\"768\" height=\"1024\"><\/p>\n<p>&nbsp;<\/p>\n<p style=\"text-align: justify;\">L&rsquo;\u00c9quateur est un pays d&rsquo;Am\u00e9rique latine, entour\u00e9 par le P\u00e9rou et la Colombie. Il occupe une surface de 283 560&nbsp;km\u00b2, soit environ la moiti\u00e9 de la surface de la France.<\/p>\n<p>&nbsp;<\/p>\n<hr>\n<h3>&nbsp;<\/h3>\n<h3><span style=\"text-decoration: underline;\">Pourquoi cette destination ?<\/span><\/h3>\n<p style=\"text-align: justify;\"><img loading=\"lazy\" decoding=\"async\" class=\"alignleft wp-image-6656 size-medium\" src=\"https:\/\/virluberlu.com\/wp-content\/uploads\/2022\/12\/Flag_of_Ecuador.svg_-300x200.png\" alt=\"\" width=\"300\" height=\"200\">Apr\u00e8s ce sevrage forc\u00e9 sans voyage, je vous laisse imaginer notre excitation \u00e0 l&rsquo;id\u00e9e de pouvoir enfin red\u00e9couvrir des contr\u00e9es lointaines, et ce durant un mois !<\/p>\n<p style=\"text-align: justify;\">Cela fait un moment que des images de Sulawesi, en Indon\u00e9sie, nous trottent dans la t\u00eate. Nous creusons donc le sujet, mais ne sommes plus si emball\u00e9s que \u00e7a par cette destination. En plus, l&rsquo;acc\u00e8s \u00e0 l&rsquo;Asie est encore compliqu\u00e9 \u00e0 cause du covid.&nbsp;<\/p>\n<p style=\"text-align: justify;\">Nous nous orientons alors vers l&rsquo;Am\u00e9rique du Sud, que nous ne connaissons pas : Argentine, Bolivie, P\u00e9rou, Colombie&#8230;? Lors de nos recherches, nous tombons par hasard sur l&rsquo;\u00c9quateur, et l\u00e0 \u00ab\u00a0waouh\u00a0\u00bb, que de promesses dans un si petit pays !&nbsp;<\/p>\n<p style=\"text-align: justify;\">L\u2019\u00c9quateur comprend 4 r\u00e9gions distinctes :<\/p>\n<ul style=\"text-align: justify;\">\n<li>L&rsquo;Amazonie \u00e0 l&rsquo;est, qui repr\u00e9sente la moiti\u00e9 de la superficie totale du pays ;<\/li>\n<li>La Sierra au centre, qui correspond \u00e0 la cordill\u00e8re des Andes ;&nbsp;<\/li>\n<li>La c\u00f4te ouest, bordant le Pacifique ;&nbsp;<\/li>\n<li>Et les iles Galapagos,&nbsp;archipel class\u00e9 au patrimoine de l&rsquo;humanit\u00e9 pour la diversit\u00e9 de ses esp\u00e8ces.<\/li>\n<\/ul>\n<p style=\"text-align: justify;\">Quatre r\u00e9gions donc, avec des paysages d&rsquo;une grande vari\u00e9t\u00e9, des animaux, une destination pas encore trop touristique, et sur une petite superficie : tout ce qu&rsquo;on aime. Et surtout, l&rsquo;Amazonie et les Galapagos !<\/p>\n<p>Difficile de dire quelle est la meilleure saison pour aller en Equateur, tant le climat varie en fonction de l&rsquo;endroit o\u00f9 l&rsquo;on se trouve. Mais allez, on se lance !&nbsp;<\/p>\n<p>&nbsp;<\/p>\n<hr>\n<h3>&nbsp;<\/h3>\n<h3><span style=\"text-decoration: underline;\">D\u00e9placements<br \/>\n<\/span><\/h3>\n<ul>\n<li style=\"text-align: justify;\">D\u00e9part de l&rsquo;a\u00e9roport de Mulhouse-B\u00e2le jusqu&rsquo;\u00e0 Amsterdam, avec KLM (1h de vol). Puis, Amsterdam-Quito en 12h de vol direct, toujours avec KLM. \u00c9tant de l&rsquo;est de la France, c&rsquo;est impeccable de pouvoir partir de B\u00e2le, plut\u00f4t que de transiter par Paris.<img loading=\"lazy\" decoding=\"async\" class=\"aligncenter wp-image-6664 size-large\" src=\"https:\/\/virluberlu.com\/wp-content\/uploads\/2022\/12\/1e4523e3-aff0-43ef-a10d-d4664c98a20a-1024x768.jpg\" alt=\"\" width=\"1024\" height=\"768\"><\/li>\n<\/ul>\n<p>&nbsp;<\/p>\n<ul>\n<li style=\"text-align: justify;\">Le retour sera un peu plus long, car nous partons des Galapagos : 2h de vol pour faire Galapagos-Guayaquil, puis 10h30 pour Guayaquil-Amsterdam, et enfin 1h pour Amsterdam-B\u00e2le (on vous passe ici le d\u00e9tail des retards et annulation de vols&#8230;). Merci \u00e0 notre ami Tim qui a fait le taxi pour l&rsquo;a\u00e9roport ! \ud83d\ude42<\/li>\n<\/ul>\n<p>&nbsp;<\/p>\n<div id=\"InfosPratiques\">\n<p style=\"text-align: justify;\"><em><span style=\"text-decoration: underline;\">Infos pratiques<\/span> : v<\/em><i>ol international aller-retour B\u00e2le-Quito -&gt; environ 2000\u20ac par personne&nbsp;avec KLM.&nbsp;Visiblement, depuis le prix vols a baiss\u00e9 . &nbsp;En partant de Paris, pas de vol direct. Escale \u00e0 Madrid avec Latam ou Iberia. Escale \u00e0 Amsterdam&nbsp;avec KLM ou&nbsp;Air France.<\/i><\/p>\n<\/div>\n<p>&nbsp;<\/p>\n<ul>\n<li style=\"text-align: justify;\">Sur place, nous nous d\u00e9placerons de diff\u00e9rentes mani\u00e8res : bus public pour aller en Amazonie (pirogue une fois sur place), location d&rsquo;une voiture au milieu du s\u00e9jour (pour \u00eatre libre d&rsquo;aller de Quito \u00e0 Mindo, puis au Parc National Cotopaxi, et \u00e0 Puerto Lopez), avion pour aller aux Galapagos (croisi\u00e8re en catamaran sur place).<\/li>\n<\/ul>\n<p><img loading=\"lazy\" decoding=\"async\" class=\"aligncenter wp-image-6668 size-large\" src=\"https:\/\/virluberlu.com\/wp-content\/uploads\/2022\/12\/38ae2238-5b46-45cc-bf45-e58e495c25bb-1024x768.jpg\" alt=\"\" width=\"1024\" height=\"768\"><\/p>\n<p><img loading=\"lazy\" decoding=\"async\" class=\"aligncenter wp-image-6669 size-large\" src=\"https:\/\/virluberlu.com\/wp-content\/uploads\/2022\/12\/9802550b-e1f1-441b-b1a2-53cee8c79152-1024x768.jpg\" alt=\"\" width=\"1024\" height=\"768\"><\/p>\n<p>&nbsp;<\/p>\n<div id=\"InfosPratiques\">\n<p style=\"text-align: justify;\"><em><span style=\"text-decoration: underline;\">&nbsp;Infos pratiques<\/span>&nbsp;:&nbsp;<\/em><\/p>\n<ul>\n<li style=\"text-align: justify;\"><i>Vol aller-retour Guayaquil-Santa Cruz (Galapagos) -&gt; 500$ \/ personne + 20$ \/ personne pour la carte migratoire + 100$ \/ personne&nbsp;pour l&rsquo;entr\u00e9e aux Galapagos.<\/i><\/li>\n<li><em>Location d&rsquo;une voiture avec ToutEquateur, chez Budget : 630$ pour 6 jours.<\/em><\/li>\n<\/ul>\n<\/div>\n<p>&nbsp;<\/p>\n<hr>\n<h3>&nbsp;<\/h3>\n<h3><span style=\"text-decoration: underline;\">Itin\u00e9raire et activit\u00e9s sur place<\/span><\/h3>\n<p style=\"text-align: justify;\"><img loading=\"lazy\" decoding=\"async\" class=\"alignleft wp-image-6671 size-medium\" src=\"https:\/\/virluberlu.com\/wp-content\/uploads\/2022\/12\/284533349_3142382046027638_7451529319726479834_n-300x225.jpg\" alt=\"\" width=\"300\" height=\"225\">Comme habituellement, nous organisons notre voyage nous-m\u00eames, avec l&rsquo;aide du guide du Routard, et de sites web \/ blogs. Quelques liens utiles, parmi tant d&rsquo;autres :<\/p>\n<p><a href=\"https:\/\/vagabondeuse.ca\/voyage-aux-galapagos\/\" target=\"_blank\" rel=\"noopener\">Blog vagabondeuse<\/a><\/p>\n<p><a href=\"https:\/\/www.mifuguemiraison.com\/fr\/pays-equateur\/\" target=\"_blank\" rel=\"noopener\">Blog mi-fugue, mi-raison, avec de jolis dessins humoristiques<\/a><\/p>\n<p><a href=\"https:\/\/onpartquand.fr\/category\/carnet-voyage\/equateur\/\" target=\"_blank\" rel=\"noopener\">Blog On part quand<\/a><\/p>\n<p><a href=\"https:\/\/www.novo-monde.com\/equateur\/\" target=\"_blank\" rel=\"noopener\">Blog Novo-monde<\/a><\/p>\n<p><a href=\"https:\/\/www.borisandina.com\/quelles-iles-visiter-aux-galapagos\" target=\"_blank\" rel=\"noopener\">Un site avec quelques particularit\u00e9s de chacune des iles aux Galapagos.<\/a><\/p>\n<p>&nbsp;<\/p>\n<p style=\"text-align: justify;\">De m\u00eame que pour le <a href=\"https:\/\/virluberlu.com\/category\/destination\/amerique-centrale\/costa-rica\/\" target=\"_blank\" rel=\"noopener\">Costa Rica<\/a>, il existe un r\u00e9seau solidaire fran\u00e7ais <a href=\"https:\/\/www.toutequateur.com\" target=\"_blank\" rel=\"noopener\">Tout Equateur<\/a>. Leon a d\u00e9velopp\u00e9 ce r\u00e9seau solidaire et partage ses bons plans via un blog et un forum, sur lequel il r\u00e9pond rapidement \u00e0 nos questions, mais pas uniquement. Nous louons la voiture et r\u00e9servons la croisi\u00e8re aux Galapagos par son interm\u00e9diaire. Nous achetons la carte premium propos\u00e9e \u00e0 60$ pour nous deux, qui permet d&rsquo;avoir des r\u00e9ductions sur une liste d&rsquo;h\u00f4tels et d&rsquo;activit\u00e9s. Avant de la prendre, nous faisons un calcul rapide, et \u00e9tant donn\u00e9 que nous souhaitons faire pas mal de choses, la carte est rentable.<\/p>\n<p>&nbsp;<\/p>\n<p>Voici notre itin\u00e9raire : attention, \u00e7a d\u00e9m\u00e9nage (c&rsquo;est le cas de le dire&#8230;) ! \ud83d\ude09<\/p>\n<div id=\"attachment_6652\" style=\"width: 1858px\" class=\"wp-caption aligncenter\"><img loading=\"lazy\" decoding=\"async\" aria-describedby=\"caption-attachment-6652\" class=\"wp-image-6652 size-full\" src=\"https:\/\/virluberlu.com\/wp-content\/uploads\/2022\/12\/Carte-equateur.png\" alt=\"\" width=\"1848\" height=\"1125\"><p id=\"caption-attachment-6652\" class=\"wp-caption-text\">Itin\u00e9raire Equateur<\/p><\/div>\n<p>-&gt; 2 nuits \u00e0 Quito, repos et visite de la ville ;<\/p>\n<p>-&gt; 1 nuit \u00e0 Lago Agrio (pour acc\u00e9der \u00e0 l&rsquo;Amazonie);<\/p>\n<p>-&gt; 3 nuits en Amazonie : obligatoire de passer par une agence. Balade en pirogue, observation d&rsquo;animaux, visite de la communaut\u00e9 Siona&#8230; ;<\/p>\n<p>-&gt; 1 nuit \u00e0 Quito (en transit pour Mindo) ;<\/p>\n<p>-&gt; 2 nuits \u00e0 Mindo : tyrolienne, serre aux papillons, observation des oiseaux, randonn\u00e9e ;<\/p>\n<p><img loading=\"lazy\" decoding=\"async\" class=\"aligncenter wp-image-6670 size-medium\" src=\"https:\/\/virluberlu.com\/wp-content\/uploads\/2022\/12\/38906859-e6f9-4c35-8abd-d9ef53f01182-300x225.jpg\" alt=\"\" width=\"300\" height=\"225\"><\/p>\n<p>-&gt; 2 nuits au Parc National Cotopaxi : balade \u00e0 cheval \/ descente en v\u00e9lo ;<\/p>\n<p>-&gt; 1 nuit \u00e0 Quilotoa : lagune ;<\/p>\n<p>-&gt; 1 nuit \u00e0 Chugchilan : trek ;<\/p>\n<p>-&gt; 1 nuit \u00e0 Isinlivi : trek ;<\/p>\n<p>-&gt; 1 nuit \u00e0 Latacunga : trek ;&nbsp;<\/p>\n<p>-&gt; 1 nuit \u00e0 Puerto Lopez : observation des baleines ;<\/p>\n<p><img loading=\"lazy\" decoding=\"async\" class=\"aligncenter wp-image-6674 size-large\" src=\"https:\/\/virluberlu.com\/wp-content\/uploads\/2022\/12\/Baleine-01-1024x683.jpg\" alt=\"\" width=\"1024\" height=\"683\"><\/p>\n<p>-&gt; 1 nuit \u00e0 Guayaquil (vol) ;<\/p>\n<p>-&gt; 2 nuits \u00e0 Santa Cruz (Galapagos) : plong\u00e9e ;<\/p>\n<p>-&gt; 3 nuits sur un catamaran (croisi\u00e8re aux Galapagos) : snorkeling, d\u00e9couverte de diff\u00e9rentes iles ;<img loading=\"lazy\" decoding=\"async\" class=\"aligncenter wp-image-6672 size-large\" src=\"https:\/\/virluberlu.com\/wp-content\/uploads\/2022\/12\/IMG_8258-1024x768.jpg\" alt=\"\" width=\"1024\" height=\"768\"><\/p>\n<p>-&gt; 2 nuits \u00e0 Santa Cruz (Galapagos) : plong\u00e9e ;<\/p>\n<p>-&gt; 2 nuits \u00e0 Isabela (Galapagos) : snorkeling, volcan, tunnels de lave ;<\/p>\n<p>-&gt; 2 nuits \u00e0 Santa Cruz (Galapagos).<\/p>\n<div id=\"attachment_6653\" style=\"width: 2010px\" class=\"wp-caption aligncenter\"><img loading=\"lazy\" decoding=\"async\" aria-describedby=\"caption-attachment-6653\" class=\"wp-image-6653 size-full\" src=\"https:\/\/virluberlu.com\/wp-content\/uploads\/2022\/12\/Carte-Galapagos.png\" alt=\"Carte des Galapagos\" width=\"2000\" height=\"1071\"><p id=\"caption-attachment-6653\" class=\"wp-caption-text\">Carte des Galapagos<\/p><\/div>\n<p style=\"text-align: justify;\">M\u00eame en restant un mois complet dans ce petit pays, des concessions sont n\u00e9cessaires. Ce que nous voulons voir \u00e0 tout prix : l&rsquo;Amazonie, les Andes, les baleines \u00e0 Puerto Lopez et les Galapagos.<\/p>\n<p style=\"text-align: justify;\">Luc faisant de la plong\u00e9e et moi non, il faut trouver un compromis pour les Galapagos : quelques jours \u00e0 Santa Cruz pour plonger, et quelques jours sur un catamaran pour d\u00e9couvrir d&rsquo;autres iles. En effet, les croisi\u00e8res ne mixent pas la plong\u00e9e bouteille et les visites d&rsquo;iles. Ainsi, nous resterons 11 nuits sur l&rsquo;archipel.<\/p>\n<p style=\"text-align: justify;\">Nous renon\u00e7ons donc \u00e0 visiter le sud de l&rsquo;\u00c9quateur, malgr\u00e9 tout le bien que nous en avons lu.<\/p>\n<p>&nbsp;<\/p>\n<hr>\n<p>&nbsp;<\/p>\n<h3><span style=\"text-decoration: underline;\">H\u00e9bergements<img loading=\"lazy\" decoding=\"async\" class=\"aligncenter wp-image-6667 size-large\" src=\"https:\/\/virluberlu.com\/wp-content\/uploads\/2022\/12\/20bc210c-6886-4c35-969d-2c8b04947ae6-1024x768.jpg\" alt=\"\" width=\"1024\" height=\"768\"><\/span><\/h3>\n<p style=\"text-align: justify;\">Nous r\u00e9servons tous nos h\u00e9bergements avant de partir, \u00e0 l&rsquo;aide de la liste de Tout Equateur et du guide du Routard. Clairement, un gros budget, m\u00eame si nous s\u00e9lectionnons des h\u00e9bergements de cat\u00e9gorie \u00ab\u00a0moyenne\u00a0\u00bb. Les d\u00e9tails seront \u00e0 retrouver dans les articles concern\u00e9s.<\/p>\n<p style=\"text-align: justify;\"><img loading=\"lazy\" decoding=\"async\" class=\"aligncenter wp-image-6665 size-large\" src=\"https:\/\/virluberlu.com\/wp-content\/uploads\/2022\/12\/003d29e3-403a-47b0-ab2a-993027df6598-1024x768.jpg\" alt=\"\" width=\"1024\" height=\"768\"><\/p>\n<p>&nbsp;<\/p>\n<hr>\n<p>&nbsp;<\/p>\n<h3><span style=\"text-decoration: underline;\">Budget<\/span><\/h3>\n<p style=\"text-align: justify;\">Nous avons beaucoup (trop) d\u00e9pens\u00e9 dans ce voyage. D\u00e9j\u00e0, parce que nous sommes partis un mois complet. Mais aussi parce que le s\u00e9jour en Amazonie, et surtout les 11 nuits aux Galapagos co\u00fbtent ultra cher.<\/p>\n<p style=\"text-align: justify;\">Nous aurions pu \u00e9conomiser sans louer de voiture car les villes sont bien desservies en bus, ceux-ci sont confortables et peu co\u00fbteux, mais les trajets peuvent \u00eatre tr\u00e8s longs (notamment pour aller \u00e0 Puerto Lopez voir les baleines).<\/p>\n<p style=\"text-align: justify;\">Passer moins de jours aux Galapagos nous aurait permis de r\u00e9duire les frais, mais c&rsquo;est un endroit o\u00f9 l&rsquo;on ne se rend qu&rsquo;une seule fois dans sa vie, et cela faisait deux ans que nous n&rsquo;avions pas organis\u00e9 de grand voyage, donc pas de de regret.&nbsp;<\/p>\n<p style=\"text-align: justify;\">&nbsp;<\/p>\n<hr>\n<p>&nbsp;<\/p>\n<h3><span style=\"text-decoration: underline;\">Sant\u00e9<\/span><\/h3>\n<p style=\"text-align: justify;\">\u2022 Avant chaque grand voyage, je v\u00e9rifie les vaccins n\u00e9cessaires. Pour l&rsquo;\u00c9quateur, aucun vaccin n&rsquo;est obligatoire. Mais il est recommand\u00e9 d&rsquo;\u00eatre \u00e0 jour dans ses vaccins universels (rougeole, oreillons, rub\u00e9ole, dipht\u00e9rie, t\u00e9tanos, polio, h\u00e9patites A et B).&nbsp;<\/p>\n<p style=\"text-align: justify;\">\u2022 &nbsp;Pour l&rsquo;Amazonie profonde, traitement antipalud\u00e9en et vaccin contre la fi\u00e8vre jaune conseill\u00e9s. Nous sommes partis sans. Et sommes revenus en bonne sant\u00e9. \ud83d\ude09 Pensez \u00e0 amener un bon anti-moustique.<\/p>\n<p style=\"text-align: justify;\">\u2022 Je prends \u00e9galement soin de composer une trousse de secours basique, avec un antiseptique, des m\u00e9dicaments (ralentisseur intestinal, d\u00e9sinfectant intestinal, pansement gastrique, antispasmodique, anti-vomitif, antalgique, antibiotique g\u00e9n\u00e9ral), de la cr\u00e8me solaire, et un anti-moustique tropical.&nbsp;<\/p>\n<p style=\"text-align: justify;\">\u2022 Dans la cordill\u00e8re des Andes (Sierra), le mal de l&rsquo;altitude peut se faire ressentir \u00e0 partir de 2500-3000m. Aucun traitement ne sera efficace. Il est conseill\u00e9 d&rsquo;\u00e9viter les excitants (caf\u00e9, alcool), de pr\u00e9voir quelques jours d&rsquo;acclimatation, et d&rsquo;y aller mollo.&nbsp;<\/p>\n<p>&nbsp;<\/p>\n<hr>\n<p>&nbsp;<\/p>\n<p style=\"text-align: justify;\">Pr\u00eats \u00e0 partir avec nous pour cette belle destination aux multiples facettes ? On vous emm\u00e8ne !<\/p>\n<div id=\"attachment_6694\" style=\"width: 1034px\" class=\"wp-caption aligncenter\"><img loading=\"lazy\" decoding=\"async\" aria-describedby=\"caption-attachment-6694\" class=\"wp-image-6694 size-large\" src=\"https:\/\/virluberlu.com\/wp-content\/uploads\/2022\/12\/Amazonie-01-1024x683.jpg\" alt=\"\" width=\"1024\" height=\"683\"><p id=\"caption-attachment-6694\" class=\"wp-caption-text\">Amazonie<\/p><\/div>\n<p style=\"text-align: right;\"><a href=\"https:\/\/wp.me\/p9y17K-1K9\" target=\"_blank\" rel=\"noopener\">QUITO<\/a> &gt;&gt;<\/p>\n","protected":false},"excerpt":{"rendered":"<p>Deux ans et demi sans grand voyage \u00e0 l&rsquo;autre bout du monde \u00e0 cause du covid : on n&rsquo;en pouvait plus (m\u00eame si nous faisons partie des chanceux qui ont bien v\u00e9cu leur confinement) ! &nbsp;D\u00e8s que nous en avons [&hellip;]<\/p>\n","protected":false},"author":2,"featured_media":6652,"comment_status":"open","ping_status":"open","sticky":false,"template":"","format":"standard","meta":{"ngg_post_thumbnail":0,"footnotes":""},"categories":[156,88,79,157],"tags":[],"class_list":["post-6614","post","type-post","status-publish","format-standard","has-post-thumbnail","hentry","category-amerique-du-sud","category-articles","category-destination","category-equateur"],"_links":{"self":[{"href":"https:\/\/www.virluberlu.com\/index.php?rest_route=\/wp\/v2\/posts\/6614","targetHints":{"allow":["GET"]}}],"collection":[{"href":"https:\/\/www.virluberlu.com\/index.php?rest_route=\/wp\/v2\/posts"}],"about":[{"href":"https:\/\/www.virluberlu.com\/index.php?rest_route=\/wp\/v2\/types\/post"}],"author":[{"embeddable":true,"href":"https:\/\/www.virluberlu.com\/index.php?rest_route=\/wp\/v2\/users\/2"}],"replies":[{"embeddable":true,"href":"https:\/\/www.virluberlu.com\/index.php?rest_route=%2Fwp%2Fv2%2Fcomments&post=6614"}],"version-history":[{"count":56,"href":"https:\/\/www.virluberlu.com\/index.php?rest_route=\/wp\/v2\/posts\/6614\/revisions"}],"predecessor-version":[{"id":6777,"href":"https:\/\/www.virluberlu.com\/index.php?rest_route=\/wp\/v2\/posts\/6614\/revisions\/6777"}],"wp:featuredmedia":[{"embeddable":true,"href":"https:\/\/www.virluberlu.com\/index.php?rest_route=\/wp\/v2\/media\/6652"}],"wp:attachment":[{"href":"https:\/\/www.virluberlu.com\/index.php?rest_route=%2Fwp%2Fv2%2Fmedia&parent=6614"}],"wp:term":[{"taxonomy":"category","embeddable":true,"href":"https:\/\/www.virluberlu.com\/index.php?rest_route=%2Fwp%2Fv2%2Fcategories&post=6614"},{"taxonomy":"post_tag","embeddable":true,"href":"https:\/\/www.virluberlu.com\/index.php?rest_route=%2Fwp%2Fv2%2Ftags&post=6614"}],"curies":[{"name":"wp","href":"https:\/\/api.w.org\/{rel}","templated":true}]}}