{"id":6484,"date":"2022-01-17T20:07:22","date_gmt":"2022-01-17T20:07:22","guid":{"rendered":"https:\/\/virluberlu.com\/?p=6484"},"modified":"2022-01-17T20:07:22","modified_gmt":"2022-01-17T20:07:22","slug":"quelques-jours-en-algarve","status":"publish","type":"post","link":"https:\/\/www.virluberlu.com\/?p=6484","title":{"rendered":"Quelques jours en Algarve"},"content":{"rendered":"<p style=\"text-align: justify;\">Fin d\u00e9cembre 2021, nous quittons le froid franc-comtois (qu&rsquo;on aime, il faut le dire !) pour retrouver le soleil dans le sud du Portugal. Pas de chance, le temps est couvert \u00e0 notre arriv\u00e9e et il fait tr\u00e8s tr\u00e8s humide, ce qui n&rsquo;est absolument pas habituel ici. Heureusement, cela ne dure pas.&nbsp;<\/p>\r\n<p>&nbsp;<\/p>\r\n<p><img loading=\"lazy\" decoding=\"async\" class=\"aligncenter size-full wp-image-6568\" src=\"https:\/\/virluberlu.com\/wp-content\/uploads\/2022\/01\/Carte-algarve.jpg\" alt=\"\" width=\"1866\" height=\"887\"><\/p>\r\n<div id=\"InfosPratiques\">\r\n<p style=\"text-align: justify;\"><em><span style=\"text-decoration: underline;\">Infos pratiques :&nbsp;<\/span><\/em><\/p>\r\n<ul style=\"text-align: justify;\">\r\n<li style=\"text-align: justify;\"><i>Co\u00fbt du vol A\/R : B\u00e2le&nbsp;&#8211; Faro : 83\u20ac \/&nbsp;pers l&rsquo;aller-retour sans bagage \u00e0 main. <\/i><i>+40\u20ac \/ pers aller-retour pour un bagage \u00e0 main.&nbsp;<\/i><i>Et oui, depuis 2021,&nbsp;EasyJet et d&rsquo;autres compagnies font payer les bagages \u00e0 main allant dans les box au-dessus de nos t\u00eates.<\/i><\/li>\r\n<li style=\"text-align: justify;\"><em>Location&nbsp;de&nbsp;voiture&nbsp;: 74\u20ac&nbsp;pour 7 jours avec&nbsp;Jet Car (sans GPS ni boitier pour l&rsquo;autoroute). Nous avons r\u00e9cup\u00e9r\u00e9 et d\u00e9pos\u00e9 la voiture \u00e0 l&rsquo;a\u00e9roport m\u00eame (pas de comptoir).<\/em><\/li>\r\n<li><em>Comme la derni\u00e8re fois, nous logeons \u00e0 Olhao. Toutefois, pour faire certaines activit\u00e9s pr\u00e9sent\u00e9es dans cet article, nous vous conseillons de trouver un h\u00e9bergement situ\u00e9 plus \u00e0 l&rsquo;ouest afin d&rsquo;\u00e9viter de faire trop de route.<\/em><\/li>\r\n<\/ul>\r\n<\/div>\r\n<p>&nbsp;<\/p>\r\n<hr>\r\n<p>&nbsp;<\/p>\r\n<h3 style=\"padding-left: 30px; text-align: center;\"><span style=\"text-decoration: underline;\">C\u00f4te ouest<\/span><\/h3>\r\n<p>&nbsp;<\/p>\r\n<!-- \/wp:post-content -->\r\n\r\n<!-- wp:paragraph -->\r\n<p style=\"text-align: justify;\">Pour un bon bol d&rsquo;air marin, nous nous rendons \u00e0 Praia da Bordeira. Cette plage de surfeurs est situ\u00e9e sur la c\u00f4te ouest, dans le village de Carrapateira. Elle est tr\u00e8s longue et se fond dans les dunes. En fonction de la direction de notre regard, on a parfois l&rsquo;impression d&rsquo;\u00eatre dans un d\u00e9sert, ou au bord d&rsquo;une plage californienne avec la petite cabane de surf. Un paysage tr\u00e8s appr\u00e9ciable !<\/p>\r\nngg_shortcode_0_placeholder\r\n<p style=\"text-align: justify;\">Apr\u00e8s une balade le long de la c\u00f4te, nous reprenons la voiture pour rejoindre Praia do Amado, situ\u00e9e \u00e0 peine plus au sud. Ici aussi, les vagues sont fortes, mais il n&rsquo;y a pas de dune de sable. De gros cailloux aux douces couleurs ont \u00e9t\u00e9 rejet\u00e9s par la mer le long de la plage, qui contrastent avec la couleur rouge des falaises.<\/p>\r\nngg_shortcode_1_placeholder\r\n<p>&nbsp;<\/p>\r\n<div id=\"InfosPratiques\">\r\n<p style=\"text-align: justify;\"><em><span style=\"text-decoration: underline;\">Infos pratiques :&nbsp;<\/span><\/em><\/p>\r\n<ul style=\"text-align: justify;\">\r\n<li style=\"text-align: justify;\"><i><i>Repas au Micro Bar \u00e0 Carrapateira : excellent, copieux, bon rapport qualit\u00e9-prix. Si vous \u00eates dans le coin, n&rsquo;h\u00e9sitez pas !<\/i><\/i>\r\nngg_shortcode_2_placeholder\r\n<\/li>\r\n<li><em>Nous apprendrons plus tard qu&rsquo;il existe une boucle de 9km au d\u00e9part de Carrapateira, permettant d&rsquo;acc\u00e9der aux deux plages, tout en b\u00e9n\u00e9ficiant de superbes panoramas depuis les falaises rouges.<\/em><\/li>\r\n<li><em>Attention, ces deux plages sur le littoral Atlantique ne sont pas favorables \u00e0 la baignade !&nbsp;<\/em><\/li>\r\n<\/ul>\r\n<\/div>\r\n<p>&nbsp;<\/p>\r\n<p style=\"text-align: justify;\">Notre route se poursuit jusqu&rsquo;au petit village Vila Do Bispo. Nous faisons rapidement le tour des ruelles bord\u00e9es de maisons blanches aux encadrements color\u00e9s. A cette \u00e9poque-ci, il y a peu d&rsquo;animation, le principal int\u00e9r\u00eat est donc de s&rsquo;amuser \u00e0 photographier les fa\u00e7ades.&nbsp;<\/p>\r\nngg_shortcode_3_placeholder\r\n<p style=\"text-align: justify;\">Nous terminons cette journ\u00e9e par un arr\u00eat au Cap Saint Vincent, le point le plus au sud-ouest de l&rsquo;Europe. C&rsquo;est la derni\u00e8re terre que regard\u00e8rent les navigateurs portugais avant de se lancer dans l&rsquo;inconnu. Un phare se dresse au sommet des falaises de gr\u00e8s blanc \/ gris, alors que quelques kilom\u00e8tres plus loin la roche est rouge : le changement en si peu de distance est incroyable. Ne comptez pas vous retrouvez en t\u00eate \u00e0 t\u00eate amoureux devant le coucher de soleil : c&rsquo;est un endroit tr\u00e8s touristique !&nbsp;<\/p>\r\nngg_shortcode_4_placeholder\r\n<p>Sur la route du retour, nous passons devant une fa\u00e7ade qui nous interpelle. Il s&rsquo;agit d&rsquo;une boutique de poteries et c\u00e9ramiques qui, malheureusement, est ferm\u00e9e.<\/p>\r\nngg_shortcode_5_placeholder\r\n<p style=\"text-align: justify;\">&nbsp;<\/p>\r\n<hr>\r\n<p>&nbsp;<\/p>\r\n<h3 style=\"padding-left: 30px; text-align: center;\"><span style=\"text-decoration: underline;\">Sentier des 7 vall\u00e9es suspendues<\/span><\/h3>\r\n<p>&nbsp;<\/p>\r\n<p style=\"text-align: justify;\">Une balade incontournable lorsque l&rsquo;on s\u00e9journe en Algarve. <a href=\"https:\/\/wp.me\/p9y17K-UN\" target=\"_blank\" rel=\"noopener\">Pour plus d&rsquo;informations, nous vous renvoyons sur cet article, r\u00e9dig\u00e9 lors de notre premier s\u00e9jour dans la r\u00e9gion.<\/a><\/p>\r\n<p style=\"text-align: justify;\">Le soleil nous accompagne au d\u00e9but de la balade, mais le temps devient vite brumeux, ce qui donne une ambiance mystique au lieu. Le temps se d\u00e9couvre lors du retour, et nous attendons patiemment le coucher de soleil depuis notre point de d\u00e9part \/ arriv\u00e9e (c&rsquo;est un itin\u00e9raire aller \/ retour, pas une boucle). &nbsp;La randonn\u00e9e aller retour, au d\u00e9part de Praia Da Marinha jusqu&rsquo;\u00e0 Praia de Vale Centianes, ne fait que 11km, mais nous rentrons bien fatigu\u00e9s d&rsquo;avoir crapahut\u00e9 au sommet des falaises : \u00e0 plusieurs reprises, il faut descendre au fond des criques pour remonter ensuite sur un sol caillouteux, ce qui n&rsquo;est pas de tout repos. Mais le paysage en vaut vraiment la peine !&nbsp;<\/p>\r\nngg_shortcode_6_placeholder\r\n<p>&nbsp;<\/p>\r\n<hr>\r\n<p>&nbsp;<\/p>\r\n<h3 style=\"padding-left: 30px; text-align: center;\"><span style=\"text-decoration: underline;\">Iles de Culatra et Deserta<\/span><\/h3>\r\n<p>&nbsp;<\/p>\r\n<p style=\"text-align: justify;\">Nous profitons de notre premi\u00e8re journ\u00e9e de soleil franc pour naviguer dans le parc naturel de la Ria Formosa. Le paysage se compose de petites iles et bancs de sable c\u00f4t\u00e9 mer,&nbsp;de marais et mar\u00e9cages c\u00f4t\u00e9 terre (pour le plus grand plaisir des ornithologues). Cette lagune forme une barri\u00e8re entre la terre et l&rsquo;oc\u00e9an.<\/p>\r\nngg_shortcode_7_placeholder\r\n<p style=\"text-align: justify;\">Direction Culatra, village de p\u00eacheurs. Nous sommes accueillis par de nombreuses mouettes dodues. Le festin offert par les p\u00eacheurs les attire en nombre.<\/p>\r\nngg_shortcode_8_placeholder\r\n<p style=\"text-align: justify;\">Nous nous promenons jusqu&rsquo;\u00e0 la plage de l&rsquo;autre cot\u00e9 de l&rsquo;ile (situ\u00e9e \u00e0 environ 1km du port). Pour y acc\u00e9der, nous traversons le village par la rue principale, puis marchons sur une longue passerelle en bois. La plage est immense et quasiment d\u00e9serte.<\/p>\r\nngg_shortcode_9_placeholder\r\n<p style=\"text-align: justify;\">Avant d&#8217;embarquer \u00e0 nouveau, nous d\u00e9gustons une cataplana aux fruits de mer et poissons (plat typique de l&rsquo;Algarve, parfois cuisin\u00e9 \u00e0 la viande) dans un restaurant proche du port. Elle est franchement d\u00e9licieuse.&nbsp;<\/p>\r\nngg_shortcode_10_placeholder\r\n<p style=\"text-align: justify;\">Cette petite \u00eele nous fait penser \u00e0 <a href=\"https:\/\/wp.me\/p9y17K-UN\" target=\"_blank\" rel=\"noopener\">l&rsquo;ile d&rsquo;Armona<\/a>, que nous avions visit\u00e9e lors de notre pr\u00e9c\u00e9dent s\u00e9jour et que nous avions beaucoup aim\u00e9e.&nbsp;<\/p>\r\n<p style=\"text-align: justify;\">Deuxi\u00e8me stop : l&rsquo;ile Deserta. A part un restaurant, il n&rsquo;y a rien d&rsquo;autre, d&rsquo;o\u00f9 son nom. La plage est \u00e9galement tr\u00e8s longue, le sable fin, et l&rsquo;eau d&rsquo;une belle couleur. Je regrette de ne pas avoir pris mon maillot de bain. Cela ne m&#8217;emp\u00eache pas de remonter mon jean pour m&rsquo;enfoncer un maximum dans l&rsquo;eau !<\/p>\r\nngg_shortcode_11_placeholder\r\n<div id=\"InfosPratiques\">\r\n<p style=\"text-align: justify;\"><em><span style=\"text-decoration: underline;\">Infos pratiques :&nbsp;<\/span><\/em><\/p>\r\n<ul style=\"text-align: justify;\">\r\n<li style=\"text-align: justify;\"><i>Nous avons eu la&nbsp;chance de partir avec un petit bateau appartenant \u00e0 une connaissance. Il est toutefois possible de r\u00e9server des excursions avec des bateaux allant d&rsquo;ile en ile, depuis Olhao.<\/i><\/li>\r\n<li><em>Repas au Caf\u00e9 Janoca (ile de Culatra) : 30\u20ac la cataplana pour deux, et du vinho verde servi \u00e0 la pression.<\/em><\/li>\r\n<\/ul>\r\n<\/div>\r\n<p>&nbsp;<\/p>\r\n<hr>\r\n<p>&nbsp;<\/p>\r\n<p style=\"text-align: justify;\">L&rsquo;Algarve fait partie des destinations faciles et relativement peu ch\u00e8res. Normalement, le climat y est agr\u00e9able en toute saison : temp\u00e9ratures douces en hiver, mais pas trop \u00e9lev\u00e9es en \u00e9t\u00e9 gr\u00e2ce \u00e0 l&rsquo;oc\u00e9an. Une bonne id\u00e9e pour changer d&rsquo;air quelques jours !&nbsp;<\/p>\r\nngg_shortcode_12_placeholder","protected":false},"excerpt":{"rendered":"<p>Fin d\u00e9cembre 2021, nous quittons le froid franc-comtois (qu&rsquo;on aime, il faut le dire !) pour retrouver le soleil dans le sud du Portugal. Pas de chance, le temps est couvert \u00e0 notre arriv\u00e9e et il fait tr\u00e8s tr\u00e8s humide, [&hellip;]<\/p>\n","protected":false},"author":2,"featured_media":6573,"comment_status":"open","ping_status":"open","sticky":false,"template":"","format":"standard","meta":{"ngg_post_thumbnail":0,"footnotes":""},"categories":[88,79,82,146],"tags":[],"class_list":["post-6484","post","type-post","status-publish","format-standard","has-post-thumbnail","hentry","category-articles","category-destination","category-europe","category-portugal"],"_links":{"self":[{"href":"https:\/\/www.virluberlu.com\/index.php?rest_route=\/wp\/v2\/posts\/6484","targetHints":{"allow":["GET"]}}],"collection":[{"href":"https:\/\/www.virluberlu.com\/index.php?rest_route=\/wp\/v2\/posts"}],"about":[{"href":"https:\/\/www.virluberlu.com\/index.php?rest_route=\/wp\/v2\/types\/post"}],"author":[{"embeddable":true,"href":"https:\/\/www.virluberlu.com\/index.php?rest_route=\/wp\/v2\/users\/2"}],"replies":[{"embeddable":true,"href":"https:\/\/www.virluberlu.com\/index.php?rest_route=%2Fwp%2Fv2%2Fcomments&post=6484"}],"version-history":[{"count":19,"href":"https:\/\/www.virluberlu.com\/index.php?rest_route=\/wp\/v2\/posts\/6484\/revisions"}],"predecessor-version":[{"id":6572,"href":"https:\/\/www.virluberlu.com\/index.php?rest_route=\/wp\/v2\/posts\/6484\/revisions\/6572"}],"wp:featuredmedia":[{"embeddable":true,"href":"https:\/\/www.virluberlu.com\/index.php?rest_route=\/wp\/v2\/media\/6573"}],"wp:attachment":[{"href":"https:\/\/www.virluberlu.com\/index.php?rest_route=%2Fwp%2Fv2%2Fmedia&parent=6484"}],"wp:term":[{"taxonomy":"category","embeddable":true,"href":"https:\/\/www.virluberlu.com\/index.php?rest_route=%2Fwp%2Fv2%2Fcategories&post=6484"},{"taxonomy":"post_tag","embeddable":true,"href":"https:\/\/www.virluberlu.com\/index.php?rest_route=%2Fwp%2Fv2%2Ftags&post=6484"}],"curies":[{"name":"wp","href":"https:\/\/api.w.org\/{rel}","templated":true}]}}