{"id":2962,"date":"2018-07-23T11:41:00","date_gmt":"2018-07-23T11:41:00","guid":{"rendered":"https:\/\/virluberlu.com\/?p=2962"},"modified":"2019-11-01T11:54:29","modified_gmt":"2019-11-01T11:54:29","slug":"bretagne-nord","status":"publish","type":"post","link":"https:\/\/www.virluberlu.com\/?p=2962","title":{"rendered":"Bretagne du nord \u00e0 moto, \u00e0 pied, en b\u00e9quilles, en voiture et en fauteuil roulant !"},"content":{"rendered":"<p style=\"text-align: justify;\">Et\u00e9 2017, direction la Bretagne du Nord pour les vacances ! Luc est breton, mais c&rsquo;est la premi\u00e8re fois que je mets les pieds en pays celtique en France (je n&rsquo;oublie pas l&rsquo;Ecosse \u2665).&nbsp;<\/p>\n<p style=\"text-align: justify;\">Le d\u00e9but de notre s\u00e9jour est un road-trip en moto, du Cap Fr\u00e9hel \u00e0 Plouescat, sur une semaine, puis nous pr\u00e9voyons de rester deux semaines dans un mobil-home \u00e0 c\u00f4t\u00e9 de Saint-Malo. Le rythme n&rsquo;est pas aussi soutenu que d&rsquo;habitude, puisqu&rsquo;un petit incident vient perturber nos vacances.<\/p>\n<p style=\"text-align: justify;\">Le but ici est de vous donner une id\u00e9e d&rsquo;itin\u00e9raire.&nbsp;<\/p>\n<div id=\"attachment_3104\" style=\"width: 1542px\" class=\"wp-caption aligncenter\"><a href=\"https:\/\/virluberlu.com\/wp-content\/uploads\/2018\/07\/Carte-Bretagne-blog.png\" target=\"_blank\" rel=\"noopener noreferrer\"><img loading=\"lazy\" decoding=\"async\" aria-describedby=\"caption-attachment-3104\" class=\"wp-image-3104 size-full\" src=\"https:\/\/virluberlu.com\/wp-content\/uploads\/2018\/07\/Carte-Bretagne-blog.png\" alt=\"\" width=\"1532\" height=\"788\"><\/a><p id=\"caption-attachment-3104\" class=\"wp-caption-text\">Itin\u00e9raire<\/p><\/div>\n<p>&nbsp;<\/p>\n<p>&nbsp;<\/p>\n<hr>\n<h3>&nbsp;<\/h3>\n<h3 style=\"padding-left: 30px; text-align: center;\"><span style=\"text-decoration: underline;\">Road-trip du Cap Fr\u00e9hel \u00e0 Plouescat (une semaine)<\/span><\/h3>\n<p>&nbsp;<\/p>\n<p>&nbsp;<\/p>\n<h3 style=\"text-align: justify;\"><span style=\"text-decoration: underline;\"><strong>Jour 1 :<\/strong>&nbsp;<\/span><\/h3>\n<p>&nbsp;<\/p>\n<p style=\"text-align: justify;\">\u2022 Randonn\u00e9e entre le Fort La Latte et le Cap Fr\u00e9hel : le long de la falaise, par beau temps, une palette de couleurs allant du bleu au vert, en passant par le jaune et le violet.<\/p>\nngg_shortcode_0_placeholder\n<p style=\"text-align: justify;\">\u2022 Randonn\u00e9e au Cap d&rsquo;Erquy, avec une mer bleu turquoise.<\/p>\nngg_shortcode_1_placeholder\n<div id=\"CoupDeCoeur\">\n<p style=\"text-align: center;\">\u2665\u2665\u2665 &nbsp; &nbsp; La Cap Fr\u00e9hel et Erquy : une magnifique entr\u00e9e en mati\u00e8re !&nbsp; \u2665\u2665\u2665&nbsp;<\/p>\n<\/div>\n<p>&nbsp;<\/p>\n<p style=\"text-align: justify;\">\u2297 Nuit \u00e0 Paimpol<\/p>\n<p>&nbsp;<\/p>\n<p>&nbsp;<\/p>\n<h3 style=\"text-align: justify;\"><span style=\"text-decoration: underline;\"><strong>Jour 2 :<\/strong><\/span><\/h3>\n<p>&nbsp;<\/p>\n<p style=\"text-align: justify;\">\u2022 L&rsquo;ile de Br\u00e9hat : embarquement \u00e0 la pointe de l&rsquo;Arcouest. Les bateaux sont nombreux \u00e0 partir \u00e0 fr\u00e9quence r\u00e9guli\u00e8re, il y a \u00e9norm\u00e9ment de monde, il n&rsquo;est donc pas simple de se garer. Location de v\u00e9los \u00e9l\u00e9ctriques sur place, pour faire le tour de cette charmante petite ile fleurie. Br\u00e9hat est dot\u00e9e d&rsquo;un microclimat, il n&rsquo;y pleut pas souvent, et les voitures n&rsquo;y roulent pas, c&rsquo;est donc plut\u00f4t agr\u00e9able. Attention, nous avons eu du mal \u00e0 trouver des v\u00e9los en location : le lieu est tr\u00e8s touristique.&nbsp;<\/p>\n<p>ngg_shortcode_2_placeholderngg_shortcode_3_placeholder<\/p>\n<div id=\"CoupDeCoeur\">\n<p style=\"text-align: center;\">\u2665\u2665\u2665 &nbsp; &nbsp; L&rsquo;ile de Br\u00e9hat : un petit coin de paradis ! &nbsp;\u2665\u2665\u2665&nbsp;<\/p>\n<\/div>\n<p>&nbsp;<\/p>\n<p style=\"text-align: justify;\">\u2022 Tour de la presqu&rsquo;ile de Plougrescant en moto : circuit de la C\u00f4te d&rsquo;Ajoncs (68km). On a loup\u00e9 la fameuse maison coinc\u00e9e entre deux rochers&#8230;!&nbsp;<\/p>\n<p style=\"text-align: justify;\">\u2297 Nuit \u00e0 Paimpol<\/p>\n<p>&nbsp;<\/p>\n<p>&nbsp;<\/p>\n<h3 style=\"text-align: justify;\"><span style=\"text-decoration: underline;\"><strong>Jour 3 :<\/strong><\/span><\/h3>\n<p>&nbsp;<\/p>\n<p style=\"text-align: justify;\">\u2022 Les Sept Iles : excursion en bateau avec l&rsquo;agence Armor Navigation (18\u20ac\/pers). Embarquement \u00e0 Perros Guirec pour une balade comment\u00e9e de 2h autour des Sept Iles et le long de la C\u00f4te de Granit rose, avec observation de deux phoques et d&rsquo;oiseaux : fous de bassan, go\u00e9lands, cormorans, guillemots et m\u00eame des macareux (quelle chance \u00e0 cette \u00e9poque !!!).<\/p>\nngg_shortcode_4_placeholder\n<p style=\"text-align: justify;\">\u2022 Randonn\u00e9e le long de la C\u00f4te de Granit Rose entre Perros Guirec et Ploumanach, sur le sentier des douaniers. Normalement, la balade dure 3h aller-retour jusqu&rsquo;\u00e0 Ploumanac&rsquo;h, mais nous l&rsquo;avons un peu \u00e9court\u00e9e \u00e0 cause de la pluie battante.&nbsp;<\/p>\nngg_shortcode_5_placeholder\n<p style=\"text-align: justify;\">\u2297 Nuit \u00e0 Plou\u00e9gat-Gu\u00e9rand<\/p>\n<p>&nbsp;<\/p>\n<h3>&nbsp;<\/h3>\n<h3 style=\"text-align: justify;\"><span style=\"text-decoration: underline;\"><strong>Jour 4 :<\/strong><\/span><\/h3>\n<p>&nbsp;<\/p>\n<p style=\"text-align: justify;\">\u2022 Tour de la presqu&rsquo;ile Renote, sur la C\u00f4te de Granit Rose, \u00e0 c\u00f4t\u00e9 de Tr\u00e9gastel. Tr\u00e8s jolie et pas tr\u00e8s touristique.&nbsp;<\/p>\nngg_shortcode_6_placeholder\n<p style=\"text-align: justify;\">\u2022 Balade \u00e0 mar\u00e9e basse sur une plage de Tr\u00e9gastel.<\/p>\nngg_shortcode_7_placeholder\n<p style=\"text-align: justify;\">\u0394 Petit accident de moto : les pompiers m&rsquo;ont vraiment bien pris en charge, et j&rsquo;ai une petite pens\u00e9e pour H\u00e9l\u00e8ne et son mari qui nous ont soutenu, au sens premier : soutenir la moto pour la relever, et me soutenir le dos pour que je ne reste pas couch\u00e9e par terre au bord de la route (avec des mots tr\u00e8s gentils).<\/p>\n<p style=\"text-align: justify;\">Verdict \u00e0 l&rsquo;h\u00f4pital de Lannion : fracture du p\u00e9ron\u00e9, et pl\u00e2tre durant six semaines. J&rsquo;\u00e9chappe \u00e0 l&rsquo;op\u00e9ration, ouf ! Luc et la moto n&rsquo;ont rien. Nous d\u00e9cidons de ne pas rentrer en Franche-Comt\u00e9, de poursuivre notre p\u00e9riple, en voiture et en b\u00e9quilles, tant que je le peux. &nbsp;A partir de l\u00e0, les vacances seront plus reposantes.&nbsp;<\/p>\n<p>(Il \u00e9tait pr\u00e9vu de visiter la baie de Morlaix en plus, dans la journ\u00e9e.)<\/p>\n<p style=\"text-align: justify;\">\u2297 Nuit \u00e0&nbsp;Plou\u00e9gat-Gu\u00e9rand<\/p>\n<p>&nbsp;<\/p>\n<p>&nbsp;<\/p>\n<h3><span style=\"text-decoration: underline;\"><strong>Jour 5 :<\/strong><\/span><\/h3>\n<p>&nbsp;<\/p>\n<p>\u2022 Route c\u00f4ti\u00e8re de Locquirec \u00e0 T\u00e9r\u00e9nez, repas sur une plage \u00e0 Carantec. Nous avions pr\u00e9vu de faire Roscoff et Plouescat.&nbsp;<\/p>\nngg_shortcode_8_placeholder\n<p>\u2297 Nuit \u00e0 Ploun\u00e9vez-Lochrist<\/p>\n<p>&nbsp;<\/p>\n<p>&nbsp;<\/p>\n<h3><span style=\"text-decoration: underline;\"><strong>Jour 6 :<\/strong><\/span><\/h3>\n<p>&nbsp;<\/p>\n<p>\u2022 Repos et visite en voiture du c\u00f4t\u00e9 de Plouescat. Normalement, nous aurions du marcher sur les dunes de Keremma.&nbsp;<\/p>\n<p><em>Tout va mal : nous n&rsquo;avons m\u00eame pas de photo !!!<\/em><\/p>\n<p>\u2297 Nuit \u00e0 Plourac&rsquo;h<\/p>\n<p>&nbsp;<\/p>\n<h3>&nbsp;<\/h3>\n<h3><span style=\"text-decoration: underline;\"><strong>Jour 7 :<\/strong><\/span><\/h3>\n<p>&nbsp;<\/p>\n<p>\u2022 Morgat \/ Crozon en voiture. Nous avions pr\u00e9vu de faire la randonn\u00e9e Le Chaos, \u00e0 Huelgoat. Du coup, nous irons en 2018 !&nbsp;<\/p>\n<p>\u2297 Nuit \u00e0 c\u00f4t\u00e9 de Saint-Malo.<\/p>\n<p>&nbsp;<\/p>\n<p>&nbsp;<\/p>\n<div id=\"InfosPratiques\">\n<p><em><span style=\"text-decoration: underline;\">Infos pratiques :&nbsp;<\/span><\/em><\/p>\n<ul style=\"text-align: justify;\">\n<li><i>Pour les h\u00e9bergements, nous&nbsp;dormons&nbsp;en chambre Airbnb, ce qui pr\u00e9sente, dans notre cas, au moins deux avantages : les tarifs sont moins \u00e9lev\u00e9s qu&rsquo;en&nbsp;h\u00f4tel ; la&nbsp;rencontre avec des&nbsp;h\u00f4tes avenants, qui connaissent leur r\u00e9gion et nous font volontiers profiter de leurs conseils.&nbsp;<\/i><\/li>\n<\/ul>\n<\/div>\n<p>&nbsp;<\/p>\n<hr>\n<p>&nbsp;<\/p>\n<h3 style=\"padding-left: 30px; text-align: center;\"><span style=\"text-decoration: underline;\">Deux semaines reposantes du c\u00f4t\u00e9 de Saint-Malo<\/span><\/h3>\n<p>&nbsp;<\/p>\n<p style=\"text-align: justify;\">Nous avons list\u00e9 plusieurs activit\u00e9s \u00e0 faire aux alentours de Saint-Malo, mais beaucoup ne sont pas r\u00e9alisables en b\u00e9quille ou en fauteuil roulant. Du coup, je me repose pas mal, alors que Luc en profite pour faire de la plong\u00e9e. Nous ne restons pas sans rien faire : voici tout de m\u00eame quelques photos des alentours de Saint-Malo.<\/p>\n<p>&nbsp;<\/p>\n<p style=\"text-align: justify;\">\u2022 Saint-Malo intra-muros (quelle \u00e9pop\u00e9e en fauteuil roulant disloqu\u00e9 !) et la plage du sillon (\u00e9lue plus belle plage de France 2018 !)<\/p>\nngg_shortcode_9_placeholder\n<p style=\"text-align: justify;\">\u2022 Pointe du Grouin&nbsp;<\/p>\nngg_shortcode_10_placeholder\n<p style=\"text-align: justify;\">\u2022 Plage de La Guimorais<\/p>\nngg_shortcode_11_placeholder\n<p style=\"text-align: justify;\">\u2022 Dinard<\/p>\nngg_shortcode_12_placeholder\n<p style=\"text-align: justify;\">\u2022 Mont-Saint-Michel<\/p>\nngg_shortcode_13_placeholder\n<p>\u2022 Plong\u00e9e<\/p>\nngg_shortcode_14_placeholder\n<p>&nbsp;<\/p>\n<p>Cette ann\u00e9e, nous retournons en Bretagne : une semaine dans le sud cette fois-ci, puis quelques jours du c\u00f4t\u00e9 de Saint-Malo. En esp\u00e9rant en faire davantage !&nbsp;<\/p>\nngg_shortcode_15_placeholder\n<p style=\"text-align: justify;\">&nbsp;<\/p>\n<p>&nbsp;<\/p>\n<p>&nbsp;<\/p>\n","protected":false},"excerpt":{"rendered":"<p>Et\u00e9 2017, direction la Bretagne du Nord pour les vacances ! Luc est breton, mais c&rsquo;est la premi\u00e8re fois que je mets les pieds en pays celtique en France (je n&rsquo;oublie pas l&rsquo;Ecosse \u2665).&nbsp; Le d\u00e9but de notre s\u00e9jour est [&hellip;]<\/p>\n","protected":false},"author":2,"featured_media":3092,"comment_status":"open","ping_status":"open","sticky":false,"template":"","format":"standard","meta":{"ngg_post_thumbnail":0,"footnotes":""},"categories":[88,147,79,82,83],"tags":[],"class_list":["post-2962","post","type-post","status-publish","format-standard","has-post-thumbnail","hentry","category-articles","category-bretagne","category-destination","category-europe","category-france"],"_links":{"self":[{"href":"https:\/\/www.virluberlu.com\/index.php?rest_route=\/wp\/v2\/posts\/2962","targetHints":{"allow":["GET"]}}],"collection":[{"href":"https:\/\/www.virluberlu.com\/index.php?rest_route=\/wp\/v2\/posts"}],"about":[{"href":"https:\/\/www.virluberlu.com\/index.php?rest_route=\/wp\/v2\/types\/post"}],"author":[{"embeddable":true,"href":"https:\/\/www.virluberlu.com\/index.php?rest_route=\/wp\/v2\/users\/2"}],"replies":[{"embeddable":true,"href":"https:\/\/www.virluberlu.com\/index.php?rest_route=%2Fwp%2Fv2%2Fcomments&post=2962"}],"version-history":[{"count":30,"href":"https:\/\/www.virluberlu.com\/index.php?rest_route=\/wp\/v2\/posts\/2962\/revisions"}],"predecessor-version":[{"id":4288,"href":"https:\/\/www.virluberlu.com\/index.php?rest_route=\/wp\/v2\/posts\/2962\/revisions\/4288"}],"wp:featuredmedia":[{"embeddable":true,"href":"https:\/\/www.virluberlu.com\/index.php?rest_route=\/wp\/v2\/media\/3092"}],"wp:attachment":[{"href":"https:\/\/www.virluberlu.com\/index.php?rest_route=%2Fwp%2Fv2%2Fmedia&parent=2962"}],"wp:term":[{"taxonomy":"category","embeddable":true,"href":"https:\/\/www.virluberlu.com\/index.php?rest_route=%2Fwp%2Fv2%2Fcategories&post=2962"},{"taxonomy":"post_tag","embeddable":true,"href":"https:\/\/www.virluberlu.com\/index.php?rest_route=%2Fwp%2Fv2%2Ftags&post=2962"}],"curies":[{"name":"wp","href":"https:\/\/api.w.org\/{rel}","templated":true}]}}